{"id":3867,"date":"2025-10-16T09:08:48","date_gmt":"2025-10-16T07:08:48","guid":{"rendered":"https:\/\/jeanne-darc-colombes.com\/v2\/?p=3867"},"modified":"2025-10-16T09:10:42","modified_gmt":"2025-10-16T07:10:42","slug":"pariscience-au-lycee","status":"publish","type":"post","link":"https:\/\/jeanne-darc-colombes.com\/v2\/pariscience-au-lycee\/","title":{"rendered":"PariScience au Lyc\u00e9e"},"content":{"rendered":"\n<p>\ud83c\udfac Le 14 octobre, \u00e0 l\u2019occasion du <strong>festival PariScience<\/strong>, les <strong>\u00e9co-d\u00e9l\u00e9gu\u00e9s<\/strong> et les \u00e9l\u00e8ves de <strong>Terminale sp\u00e9cialit\u00e9 SVT<\/strong> ont particip\u00e9 \u00e0 une <strong>projection-rencontre<\/strong> \u00e0 l\u2019Institut de G\u00e9ophysique du Globe, accompagn\u00e9s de <strong>M. Benarafa<\/strong> et <strong>M. Akermi<\/strong>.<\/p>\n\n\n\n<p>Ils ont d\u00e9couvert le documentaire <strong>\u00ab Coexistencia \u00bb<\/strong>, qui suit le p\u00e9riple \u00e0 v\u00e9lo de <strong>Thomas Julienne<\/strong> en Patagonie, \u00e0 la rencontre des grands pr\u00e9dateurs et des humains qui partagent leur territoire.<\/p>\n\n\n\n<p>\ud83d\udde3\ufe0f Un temps d\u2019\u00e9change riche avec le r\u00e9alisateur, ponctu\u00e9 par une photo souvenir !<\/p>\n\n\n\n<figure class=\"wp-block-image size-large\"><img fetchpriority=\"high\" decoding=\"async\" width=\"1024\" height=\"683\" src=\"https:\/\/jeanne-darc-colombes.com\/v2\/wp-content\/uploads\/2025\/10\/2-1024x683.jpg\" alt=\"\" class=\"wp-image-3869\" srcset=\"https:\/\/jeanne-darc-colombes.com\/v2\/wp-content\/uploads\/2025\/10\/2-1024x683.jpg 1024w, https:\/\/jeanne-darc-colombes.com\/v2\/wp-content\/uploads\/2025\/10\/2-300x200.jpg 300w, https:\/\/jeanne-darc-colombes.com\/v2\/wp-content\/uploads\/2025\/10\/2-768x512.jpg 768w, https:\/\/jeanne-darc-colombes.com\/v2\/wp-content\/uploads\/2025\/10\/2-1536x1024.jpg 1536w, https:\/\/jeanne-darc-colombes.com\/v2\/wp-content\/uploads\/2025\/10\/2-375x250.jpg 375w, https:\/\/jeanne-darc-colombes.com\/v2\/wp-content\/uploads\/2025\/10\/2.jpg 2048w\" sizes=\"(max-width: 1024px) 100vw, 1024px\" \/><\/figure>\n\n\n\n<p><\/p>\n","protected":false},"excerpt":{"rendered":"<p>\ud83c\udfac Le 14 octobre, \u00e0 l\u2019occasion du festival PariScience, les \u00e9co-d\u00e9l\u00e9gu\u00e9s et les \u00e9l\u00e8ves de Terminale sp\u00e9cialit\u00e9 SVT ont particip\u00e9 \u00e0 une projection-rencontre \u00e0 l\u2019Institut de G\u00e9ophysique du Globe, accompagn\u00e9s de M. Benarafa et M. Akermi. Ils ont d\u00e9couvert le documentaire \u00ab Coexistencia \u00bb, qui suit le p\u00e9riple \u00e0 v\u00e9lo de Thomas Julienne en Patagonie, \u00e0 la rencontre des grands pr\u00e9dateurs et des humains qui partagent leur territoire. \ud83d\udde3\ufe0f Un temps d\u2019\u00e9change riche avec le r\u00e9alisateur, ponctu\u00e9 par une photo souvenir !<\/p>\n","protected":false},"author":3,"featured_media":3868,"comment_status":"closed","ping_status":"closed","sticky":false,"template":"","format":"standard","meta":{"_eb_attr":"","footnotes":""},"categories":[16],"tags":[],"class_list":["post-3867","post","type-post","status-publish","format-standard","has-post-thumbnail","hentry","category-lycee","has-thumb"],"_links":{"self":[{"href":"https:\/\/jeanne-darc-colombes.com\/v2\/wp-json\/wp\/v2\/posts\/3867","targetHints":{"allow":["GET"]}}],"collection":[{"href":"https:\/\/jeanne-darc-colombes.com\/v2\/wp-json\/wp\/v2\/posts"}],"about":[{"href":"https:\/\/jeanne-darc-colombes.com\/v2\/wp-json\/wp\/v2\/types\/post"}],"author":[{"embeddable":true,"href":"https:\/\/jeanne-darc-colombes.com\/v2\/wp-json\/wp\/v2\/users\/3"}],"replies":[{"embeddable":true,"href":"https:\/\/jeanne-darc-colombes.com\/v2\/wp-json\/wp\/v2\/comments?post=3867"}],"version-history":[{"count":2,"href":"https:\/\/jeanne-darc-colombes.com\/v2\/wp-json\/wp\/v2\/posts\/3867\/revisions"}],"predecessor-version":[{"id":3871,"href":"https:\/\/jeanne-darc-colombes.com\/v2\/wp-json\/wp\/v2\/posts\/3867\/revisions\/3871"}],"wp:featuredmedia":[{"embeddable":true,"href":"https:\/\/jeanne-darc-colombes.com\/v2\/wp-json\/wp\/v2\/media\/3868"}],"wp:attachment":[{"href":"https:\/\/jeanne-darc-colombes.com\/v2\/wp-json\/wp\/v2\/media?parent=3867"}],"wp:term":[{"taxonomy":"category","embeddable":true,"href":"https:\/\/jeanne-darc-colombes.com\/v2\/wp-json\/wp\/v2\/categories?post=3867"},{"taxonomy":"post_tag","embeddable":true,"href":"https:\/\/jeanne-darc-colombes.com\/v2\/wp-json\/wp\/v2\/tags?post=3867"}],"curies":[{"name":"wp","href":"https:\/\/api.w.org\/{rel}","templated":true}]}}